{"id":98,"date":"2023-11-07T10:07:56","date_gmt":"2023-11-07T10:07:56","guid":{"rendered":"https:\/\/ecatolico.com\/blog\/?p=98"},"modified":"2023-11-07T10:12:48","modified_gmt":"2023-11-07T10:12:48","slug":"video-cantos-de-misa-completa-del-domingo-5-de-noviembre-de-2023","status":"publish","type":"post","link":"https:\/\/www.ecatolico.com\/blog\/video-cantos-de-misa-completa-del-domingo-5-de-noviembre-de-2023\/","title":{"rendered":"Video Cantos de Misa Completa del Domingo 5 de Noviembre de 2023"},"content":{"rendered":"<p>Estos son los cantos de la Misa del domingo 5 de noviembre del 2023.<\/p>\r\n<p>Coro de Misa de 1:00 pm en la Parroquia del Esp\u00edritu Santo de Chihuahua, Chih., M\u00e9xico.<\/p>\r\n<p>Participamos Pepe Cruz, Jorge Morquecho, Alex Ju\u00e1rez y Jos\u00e9 Luis Contreras.<\/p>\r\n<!-- \/wp:paragraph -->\r\n\r\n<!-- wp:paragraph -->\r\n<p>Bendiciones. \u00a0<\/p>\r\n<figure class=\"wp-block-embed wp-block-embed-youtube is-type-video is-provider-youtube epyt-figure\"><div class=\"wp-block-embed__wrapper\"><iframe loading=\"lazy\"  id=\"_ytid_27394\"  width=\"640\" height=\"360\"  data-origwidth=\"640\" data-origheight=\"360\" src=\"https:\/\/www.youtube.com\/embed\/Jk1QnlkSBvQ?enablejsapi=1&autoplay=0&cc_load_policy=0&iv_load_policy=1&loop=0&modestbranding=0&fs=1&playsinline=0&controls=1&color=red&cc_lang_pref=&rel=1&autohide=2&theme=dark&\" class=\"__youtube_prefs__  no-lazyload\" title=\"YouTube player\"  allow=\"accelerometer; autoplay; clipboard-write; encrypted-media; gyroscope; picture-in-picture\" allowfullscreen data-no-lazy=\"1\" data-skipgform_ajax_framebjll=\"\"><\/iframe><\/div><\/figure>","protected":false},"excerpt":{"rendered":"<p>Estos son los cantos de la Misa del domingo 5 de noviembre del 2023. Coro de Misa de 1:00 pm en la Parroquia del Esp\u00edritu Santo de Chihuahua, Chih., M\u00e9xico. Participamos Pepe Cruz, Jorge Morquecho, Alex Ju\u00e1rez y Jos\u00e9 Luis Contreras. Bendiciones. \u00a0<\/p>\n","protected":false},"author":1,"featured_media":102,"comment_status":"open","ping_status":"open","sticky":false,"template":"","format":"video","meta":{"footnotes":""},"categories":[6],"tags":[11,9,10,8,12],"views":32,"_links":{"self":[{"href":"https:\/\/www.ecatolico.com\/blog\/wp-json\/wp\/v2\/posts\/98"}],"collection":[{"href":"https:\/\/www.ecatolico.com\/blog\/wp-json\/wp\/v2\/posts"}],"about":[{"href":"https:\/\/www.ecatolico.com\/blog\/wp-json\/wp\/v2\/types\/post"}],"author":[{"embeddable":true,"href":"https:\/\/www.ecatolico.com\/blog\/wp-json\/wp\/v2\/users\/1"}],"replies":[{"embeddable":true,"href":"https:\/\/www.ecatolico.com\/blog\/wp-json\/wp\/v2\/comments?post=98"}],"version-history":[{"count":3,"href":"https:\/\/www.ecatolico.com\/blog\/wp-json\/wp\/v2\/posts\/98\/revisions"}],"predecessor-version":[{"id":101,"href":"https:\/\/www.ecatolico.com\/blog\/wp-json\/wp\/v2\/posts\/98\/revisions\/101"}],"wp:featuredmedia":[{"embeddable":true,"href":"https:\/\/www.ecatolico.com\/blog\/wp-json\/wp\/v2\/media\/102"}],"wp:attachment":[{"href":"https:\/\/www.ecatolico.com\/blog\/wp-json\/wp\/v2\/media?parent=98"}],"wp:term":[{"taxonomy":"category","embeddable":true,"href":"https:\/\/www.ecatolico.com\/blog\/wp-json\/wp\/v2\/categories?post=98"},{"taxonomy":"post_tag","embeddable":true,"href":"https:\/\/www.ecatolico.com\/blog\/wp-json\/wp\/v2\/tags?post=98"}],"curies":[{"name":"wp","href":"https:\/\/api.w.org\/{rel}","templated":true}]}}