{"id":285,"date":"2023-11-18T17:39:58","date_gmt":"2023-11-18T17:39:58","guid":{"rendered":"https:\/\/www.ecatolico.com\/blog\/?p=285"},"modified":"2023-11-18T17:39:58","modified_gmt":"2023-11-18T17:39:58","slug":"video-ensayo-ministerio-de-musica-para-misa-domingo-19-nov-2023","status":"publish","type":"post","link":"https:\/\/www.ecatolico.com\/blog\/video-ensayo-ministerio-de-musica-para-misa-domingo-19-nov-2023\/","title":{"rendered":"Video Ensayo Ministerio de M\u00fasica para Misa Domingo 19 nov. 2023"},"content":{"rendered":"\r\n\r\n\r\n<p>Les comparto el video de los cantos que preparamos para la misa de este domingo 19 de noviembre de 2023.<\/p>\r\n\r\n\r\n\r\n<p>Incluye el Salmo Responsorial.<\/p>\r\n\r\n\r\n\r\n<p>Los comparto solo para estudio. Por eso se escuchan ruidos y otras voces.<\/p>\r\n<p>Para Santa Misa de 1:00 pm en la Parroquia del Esp\u00edritu Santo de Chihuahua, Chih., M\u00e9xico. Participamos Pepe Cruz, Jorge Morquecho, Alex Ju\u00e1rez y Jos\u00e9 Luis Contreras.<\/p>\r\n<p>\r\n\r\n<\/p>\r\n<p>Bendiciones.<\/p>\r\n\r\n\r\n\r\n<figure class=\"wp-block-embed wp-block-embed-youtube is-type-video is-provider-youtube epyt-figure\"><div class=\"wp-block-embed__wrapper\"><iframe loading=\"lazy\"  id=\"_ytid_91447\"  width=\"640\" height=\"360\"  data-origwidth=\"640\" data-origheight=\"360\" src=\"https:\/\/www.youtube.com\/embed\/YAzkdZYRyBk?enablejsapi=1&autoplay=0&cc_load_policy=0&iv_load_policy=1&loop=0&modestbranding=0&fs=1&playsinline=0&controls=1&color=red&cc_lang_pref=&rel=1&autohide=2&theme=dark&\" class=\"__youtube_prefs__  no-lazyload\" title=\"YouTube player\"  allow=\"accelerometer; autoplay; clipboard-write; encrypted-media; gyroscope; picture-in-picture\" allowfullscreen data-no-lazy=\"1\" data-skipgform_ajax_framebjll=\"\"><\/iframe><\/div><\/figure>\r\n\r\n\r\n\r\n<figure class=\"wp-block-gallery has-nested-images columns-default is-cropped wp-block-gallery-1 is-layout-flex wp-block-gallery-is-layout-flex\"><\/figure>\r\n","protected":false},"excerpt":{"rendered":"<p>Les comparto el video de los cantos que preparamos para la misa de este domingo 19 de noviembre de 2023. Incluye el Salmo Responsorial. Los comparto solo para estudio. Por eso se escuchan ruidos y otras voces. Para Santa Misa de 1:00 pm en la Parroquia del Esp\u00edritu Santo de Chihuahua, Chih., M\u00e9xico. Participamos Pepe [&hellip;]<\/p>\n","protected":false},"author":1,"featured_media":102,"comment_status":"open","ping_status":"open","sticky":false,"template":"","format":"video","meta":{"footnotes":""},"categories":[6],"tags":[11,9,10,30,8,12],"views":59,"_links":{"self":[{"href":"https:\/\/www.ecatolico.com\/blog\/wp-json\/wp\/v2\/posts\/285"}],"collection":[{"href":"https:\/\/www.ecatolico.com\/blog\/wp-json\/wp\/v2\/posts"}],"about":[{"href":"https:\/\/www.ecatolico.com\/blog\/wp-json\/wp\/v2\/types\/post"}],"author":[{"embeddable":true,"href":"https:\/\/www.ecatolico.com\/blog\/wp-json\/wp\/v2\/users\/1"}],"replies":[{"embeddable":true,"href":"https:\/\/www.ecatolico.com\/blog\/wp-json\/wp\/v2\/comments?post=285"}],"version-history":[{"count":2,"href":"https:\/\/www.ecatolico.com\/blog\/wp-json\/wp\/v2\/posts\/285\/revisions"}],"predecessor-version":[{"id":287,"href":"https:\/\/www.ecatolico.com\/blog\/wp-json\/wp\/v2\/posts\/285\/revisions\/287"}],"wp:featuredmedia":[{"embeddable":true,"href":"https:\/\/www.ecatolico.com\/blog\/wp-json\/wp\/v2\/media\/102"}],"wp:attachment":[{"href":"https:\/\/www.ecatolico.com\/blog\/wp-json\/wp\/v2\/media?parent=285"}],"wp:term":[{"taxonomy":"category","embeddable":true,"href":"https:\/\/www.ecatolico.com\/blog\/wp-json\/wp\/v2\/categories?post=285"},{"taxonomy":"post_tag","embeddable":true,"href":"https:\/\/www.ecatolico.com\/blog\/wp-json\/wp\/v2\/tags?post=285"}],"curies":[{"name":"wp","href":"https:\/\/api.w.org\/{rel}","templated":true}]}}