{"id":276,"date":"2023-11-16T14:41:40","date_gmt":"2023-11-16T14:41:40","guid":{"rendered":"https:\/\/www.ecatolico.com\/blog\/?p=276"},"modified":"2023-11-16T15:50:24","modified_gmt":"2023-11-16T15:50:24","slug":"cantos-de-entrada-para-misa-en-video","status":"publish","type":"post","link":"https:\/\/www.ecatolico.com\/blog\/cantos-de-entrada-para-misa-en-video\/","title":{"rendered":"Cantos de Entrada Para Misa en Video"},"content":{"rendered":"<p>Cantos que pueden ser utilizados como Entrada para la Santa Misa Cat\u00f3lica.<\/p>\n<p>Esta colecci\u00f3n se ir\u00e1 actualizando con el paso de las semanas.<\/p>\n<p>Cantos incluidos:<\/p>\n<p>1.- Venimos hoy a tu altar<\/p>\n<p>Nota:<br \/>\nLos tonos mostrados en las letras de los cantos deben tomarse solo como referencia.<br \/>\nDepende si es un coro femenino, masculino o mixto, o un solista femenino o masculino estos tonos pueden transportarse a conveniencia.<br \/>\nPor este motivo, es probable que los tonos mostrados no coincidan con los que se escuchan en el video.<\/p>\n<h2 style=\"font-weight: 500;\">VENIMOS HOY A TU ALTAR<b><\/b><\/h2>\n<p>&nbsp;<\/p>\n<p>Sol\u00a0\u00a0\u00a0\u00a0\u00a0\u00a0\u00a0\u00a0\u00a0\u00a0\u00a0\u00a0\u00a0\u00a0\u00a0\u00a0\u00a0\u00a0 \u00a0\u00a0\u00a0\u00a0\u00a0\u00a0\u00a0\u00a0\u00a0\u00a0\u00a0\u00a0\u00a0\u00a0\u00a0\u00a0\u00a0\u00a0Sim<\/p>\n<p style=\"font-weight: 500;\">Venimos hoy a tu altar<\/p>\n<p>\u00a0\u00a0\u00a0\u00a0\u00a0\u00a0\u00a0\u00a0\u00a0\u00a0 Do\u00a0\u00a0\u00a0\u00a0\u00a0\u00a0\u00a0\u00a0\u00a0\u00a0\u00a0\u00a0\u00a0\u00a0 Re7<\/p>\n<p>A cantarte Senor,<\/p>\n<p>Do\u00a0\u00a0\u00a0\u00a0\u00a0\u00a0\u00a0\u00a0\u00a0\u00a0\u00a0\u00a0\u00a0\u00a0\u00a0\u00a0\u00a0\u00a0\u00a0\u00a0\u00a0\u00a0\u00a0\u00a0\u00a0 Sol\u00a0\u00a0\u00a0\u00a0\u00a0\u00a0\u00a0 Re7\u00a0\u00a0\u00a0\u00a0\u00a0\u00a0\u00a0\u00a0\u00a0\u00a0\u00a0\u00a0\u00a0\u00a0\u00a0\u00a0\u00a0\u00a0\u00a0\u00a0\u00a0 Sol<\/p>\n<p>Pues tu eres la alegria de nuestro corazon (2.<\/p>\n<p>&nbsp;<\/p>\n<p>Mim<\/p>\n<p>Tu hiciste los cielos<\/p>\n<p>Do<\/p>\n<p>Los llenas de estrellas<\/p>\n<p>Re7<\/p>\n<p>De luz y color.<\/p>\n<p>Sol<\/p>\n<p>Tu pintaste la aurora<\/p>\n<p>Hiciste las nubes<\/p>\n<p>Las puestas del sol.<\/p>\n<p>&nbsp;<\/p>\n<p>Tu creaste la risa,<\/p>\n<p>La paz y la dicha,<\/p>\n<p>La felicidad.<\/p>\n<p>Tu, al darnos la vida,<\/p>\n<p>Nos das las riquezas<\/p>\n<p>Tu eterna amistad.<\/p>\n<p>&nbsp;<\/p>\n<p>Tu nos diste a tu madre,<\/p>\n<p>Nos diste tu cuerpo,<\/p>\n<p>Tu sangre en manjar.<\/p>\n<p>Tu nos diste esperanza,<\/p>\n<p>La fe y nos hiciste<\/p>\n<p>Capaces de amar.<\/p>\n<figure class=\"wp-block-embed wp-block-embed-youtube is-type-video is-provider-youtube epyt-figure\"><div class=\"wp-block-embed__wrapper\"><iframe loading=\"lazy\"  id=\"_ytid_26645\"  width=\"640\" height=\"360\"  data-origwidth=\"640\" data-origheight=\"360\" src=\"https:\/\/www.youtube.com\/embed\/Uf7N-dYJEgI\">https:\/\/www.youtube.com\/watch?enablejsapi=1&autoplay=0&cc_load_policy=0&iv_load_policy=1&loop=0&modestbranding=0&fs=1&playsinline=0&controls=1&color=red&cc_lang_pref=&rel=1&autohide=2&theme=dark&\" class=\"__youtube_prefs__  no-lazyload\" title=\"YouTube player\"  allow=\"accelerometer; autoplay; clipboard-write; encrypted-media; gyroscope; picture-in-picture\" allowfullscreen data-no-lazy=\"1\" data-skipgform_ajax_framebjll=\"\"><\/iframe><\/div><\/figure>\n<p>&nbsp;<\/p>\n<p>&nbsp;<\/p>\n<p>&nbsp;<\/p>\n","protected":false},"excerpt":{"rendered":"<p>Cantos que pueden ser utilizados como Entrada para la Santa Misa Cat\u00f3lica. Esta colecci\u00f3n se ir\u00e1 actualizando con el paso de las semanas. Cantos incluidos: 1.- Venimos hoy a tu altar Nota: Los tonos mostrados en las letras de los cantos deben tomarse solo como referencia. Depende si es un coro femenino, masculino o mixto, [&hellip;]<\/p>\n","protected":false},"author":1,"featured_media":102,"comment_status":"open","ping_status":"open","sticky":false,"template":"","format":"video","meta":{"footnotes":""},"categories":[6],"tags":[14,11,9,10,8,12,20],"views":86,"_links":{"self":[{"href":"https:\/\/www.ecatolico.com\/blog\/wp-json\/wp\/v2\/posts\/276"}],"collection":[{"href":"https:\/\/www.ecatolico.com\/blog\/wp-json\/wp\/v2\/posts"}],"about":[{"href":"https:\/\/www.ecatolico.com\/blog\/wp-json\/wp\/v2\/types\/post"}],"author":[{"embeddable":true,"href":"https:\/\/www.ecatolico.com\/blog\/wp-json\/wp\/v2\/users\/1"}],"replies":[{"embeddable":true,"href":"https:\/\/www.ecatolico.com\/blog\/wp-json\/wp\/v2\/comments?post=276"}],"version-history":[{"count":5,"href":"https:\/\/www.ecatolico.com\/blog\/wp-json\/wp\/v2\/posts\/276\/revisions"}],"predecessor-version":[{"id":284,"href":"https:\/\/www.ecatolico.com\/blog\/wp-json\/wp\/v2\/posts\/276\/revisions\/284"}],"wp:featuredmedia":[{"embeddable":true,"href":"https:\/\/www.ecatolico.com\/blog\/wp-json\/wp\/v2\/media\/102"}],"wp:attachment":[{"href":"https:\/\/www.ecatolico.com\/blog\/wp-json\/wp\/v2\/media?parent=276"}],"wp:term":[{"taxonomy":"category","embeddable":true,"href":"https:\/\/www.ecatolico.com\/blog\/wp-json\/wp\/v2\/categories?post=276"},{"taxonomy":"post_tag","embeddable":true,"href":"https:\/\/www.ecatolico.com\/blog\/wp-json\/wp\/v2\/tags?post=276"}],"curies":[{"name":"wp","href":"https:\/\/api.w.org\/{rel}","templated":true}]}}