{"id":146,"date":"2023-11-14T21:25:21","date_gmt":"2023-11-14T21:25:21","guid":{"rendered":"https:\/\/ecatolico.com\/blog\/?p=146"},"modified":"2023-11-14T21:25:21","modified_gmt":"2023-11-14T21:25:21","slug":"todos-los-cantos-misa-catolica-12-noviembre-2023","status":"publish","type":"post","link":"https:\/\/www.ecatolico.com\/blog\/todos-los-cantos-misa-catolica-12-noviembre-2023\/","title":{"rendered":"Todos los Cantos Misa Cat\u00f3lica 12 noviembre 2023"},"content":{"rendered":"<p>Les comparto los audios de los cantos de la misa de este domingo 12 de noviembre de 2023.<\/p>\r\n<!-- \/wp:paragraph -->\r\n\r\n<!-- wp:paragraph -->\r\n<p>Misa de 1:00 pm en la Parroquia del Esp\u00edritu Santo de Chihuahua, Chih., M\u00e9xico. Participamos Pepe Cruz, Jorge Morquecho, Alex Ju\u00e1rez y Jos\u00e9 Luis Contreras.<\/p>\r\n<!-- \/wp:paragraph -->\r\n\r\n<!-- wp:paragraph -->\r\n<p>Bendiciones.<\/p>\r\n<p>&nbsp;<\/p>\r\n<!--[if lt IE 9]><script>document.createElement('audio');<\/script><![endif]-->\n\t<div class=\"wp-playlist wp-audio-playlist wp-playlist-light\">\n\t\t\t<div class=\"wp-playlist-current-item\"><\/div>\n\t\t<audio controls=\"controls\" preload=\"none\" width=\"618\"\n\t\t\t><\/audio>\n\t<div class=\"wp-playlist-next\"><\/div>\n\t<div class=\"wp-playlist-prev\"><\/div>\n\t<noscript>\n\t<ol>\n\t\t<li><a href='https:\/\/www.ecatolico.com\/blog\/wp-content\/uploads\/2023\/11\/00_venimos_hoy_a_tu_altar_consola-master.wav'>Venimos Hoy A Tu Altar<\/a><\/li><li><a href='https:\/\/www.ecatolico.com\/blog\/wp-content\/uploads\/2023\/11\/01-senor-ten-piedad-consola-master.wav'>Se\u00f1or Ten Piedad<\/a><\/li><li><a href='https:\/\/www.ecatolico.com\/blog\/wp-content\/uploads\/2023\/11\/02-gloria-consola-master.wav'>Gloria<\/a><\/li><li><a href='https:\/\/www.ecatolico.com\/blog\/wp-content\/uploads\/2023\/11\/03-salmo-mi-alma-solo-tiene-sed-de-ti-consola-master.wav'>Salmo Responsorial<\/a><\/li><li><a href='https:\/\/www.ecatolico.com\/blog\/wp-content\/uploads\/2023\/11\/04-aleluya-consola-master.wav'>Aleluya<\/a><\/li><li><a href='https:\/\/www.ecatolico.com\/blog\/wp-content\/uploads\/2023\/11\/05-hemos-entregado-consola-master.wav'>Hemos Entregado<\/a><\/li><li><a href='https:\/\/www.ecatolico.com\/blog\/wp-content\/uploads\/2023\/11\/06-santo-consola-master.wav'>Santo<\/a><\/li><li><a href='https:\/\/www.ecatolico.com\/blog\/wp-content\/uploads\/2023\/11\/07-cordero-consola-master.wav'>Cordero De Dios<\/a><\/li><li><a href='https:\/\/www.ecatolico.com\/blog\/wp-content\/uploads\/2023\/11\/08-estas-aqui-consola-master.wav'>Est\u00e1s Aqu\u00ed<\/a><\/li><li><a href='https:\/\/www.ecatolico.com\/blog\/wp-content\/uploads\/2023\/11\/09-cancion-del-misionero-consola-master.wav'>Canci\u00f3n del Misionero<\/a><\/li>\t<\/ol>\n\t<\/noscript>\n\t<script type=\"application\/json\" class=\"wp-playlist-script\">{\"type\":\"audio\",\"tracklist\":true,\"tracknumbers\":true,\"images\":true,\"artists\":true,\"tracks\":[{\"src\":\"https:\\\/\\\/www.ecatolico.com\\\/blog\\\/wp-content\\\/uploads\\\/2023\\\/11\\\/00_venimos_hoy_a_tu_altar_consola-master.wav\",\"type\":\"audio\\\/wav\",\"title\":\"Venimos Hoy A Tu Altar\",\"caption\":\"\",\"description\":\"\\u00ab00_venimos_hoy_a_tu_altar_consola-master\\u00bb.\",\"meta\":{\"album\":\"Misa domingo 12 nov 2023\",\"length_formatted\":\"1:36\"},\"image\":{\"src\":\"https:\\\/\\\/www.ecatolico.com\\\/blog\\\/wp-includes\\\/images\\\/media\\\/audio.png\",\"width\":48,\"height\":64},\"thumb\":{\"src\":\"https:\\\/\\\/www.ecatolico.com\\\/blog\\\/wp-includes\\\/images\\\/media\\\/audio.png\",\"width\":48,\"height\":64}},{\"src\":\"https:\\\/\\\/www.ecatolico.com\\\/blog\\\/wp-content\\\/uploads\\\/2023\\\/11\\\/01-senor-ten-piedad-consola-master.wav\",\"type\":\"audio\\\/wav\",\"title\":\"Se\\u00f1or Ten Piedad\",\"caption\":\"\",\"description\":\"\\u00ab01-senor-ten-piedad-consola-master\\u00bb.\",\"meta\":{\"album\":\"Misa domingo 12 nov 2023\",\"length_formatted\":\"1:17\"},\"image\":{\"src\":\"https:\\\/\\\/www.ecatolico.com\\\/blog\\\/wp-includes\\\/images\\\/media\\\/audio.png\",\"width\":48,\"height\":64},\"thumb\":{\"src\":\"https:\\\/\\\/www.ecatolico.com\\\/blog\\\/wp-includes\\\/images\\\/media\\\/audio.png\",\"width\":48,\"height\":64}},{\"src\":\"https:\\\/\\\/www.ecatolico.com\\\/blog\\\/wp-content\\\/uploads\\\/2023\\\/11\\\/02-gloria-consola-master.wav\",\"type\":\"audio\\\/wav\",\"title\":\"Gloria\",\"caption\":\"\",\"description\":\"\\u00ab02-gloria-consola-master\\u00bb.\",\"meta\":{\"album\":\"Misa domingo 12 nov 2023\",\"length_formatted\":\"2:26\"},\"image\":{\"src\":\"https:\\\/\\\/www.ecatolico.com\\\/blog\\\/wp-includes\\\/images\\\/media\\\/audio.png\",\"width\":48,\"height\":64},\"thumb\":{\"src\":\"https:\\\/\\\/www.ecatolico.com\\\/blog\\\/wp-includes\\\/images\\\/media\\\/audio.png\",\"width\":48,\"height\":64}},{\"src\":\"https:\\\/\\\/www.ecatolico.com\\\/blog\\\/wp-content\\\/uploads\\\/2023\\\/11\\\/03-salmo-mi-alma-solo-tiene-sed-de-ti-consola-master.wav\",\"type\":\"audio\\\/wav\",\"title\":\"Salmo Responsorial\",\"caption\":\"\",\"description\":\"\\u00ab03-salmo-mi-alma-solo-tiene-sed-de-ti-consola-master\\u00bb.\",\"meta\":{\"album\":\"Misa domingo 12 nov 2023\",\"length_formatted\":\"0:38\"},\"image\":{\"src\":\"https:\\\/\\\/www.ecatolico.com\\\/blog\\\/wp-includes\\\/images\\\/media\\\/audio.png\",\"width\":48,\"height\":64},\"thumb\":{\"src\":\"https:\\\/\\\/www.ecatolico.com\\\/blog\\\/wp-includes\\\/images\\\/media\\\/audio.png\",\"width\":48,\"height\":64}},{\"src\":\"https:\\\/\\\/www.ecatolico.com\\\/blog\\\/wp-content\\\/uploads\\\/2023\\\/11\\\/04-aleluya-consola-master.wav\",\"type\":\"audio\\\/wav\",\"title\":\"Aleluya\",\"caption\":\"\",\"description\":\"\\u00ab04-aleluya-consola-master\\u00bb.\",\"meta\":{\"album\":\"Misa domingo 12 nov 2023\",\"length_formatted\":\"0:50\"},\"image\":{\"src\":\"https:\\\/\\\/www.ecatolico.com\\\/blog\\\/wp-includes\\\/images\\\/media\\\/audio.png\",\"width\":48,\"height\":64},\"thumb\":{\"src\":\"https:\\\/\\\/www.ecatolico.com\\\/blog\\\/wp-includes\\\/images\\\/media\\\/audio.png\",\"width\":48,\"height\":64}},{\"src\":\"https:\\\/\\\/www.ecatolico.com\\\/blog\\\/wp-content\\\/uploads\\\/2023\\\/11\\\/05-hemos-entregado-consola-master.wav\",\"type\":\"audio\\\/wav\",\"title\":\"Hemos Entregado\",\"caption\":\"\",\"description\":\"\\u00ab05-hemos-entregado-consola-master\\u00bb.\",\"meta\":{\"album\":\"Misa domingo 12 nov 2023\",\"length_formatted\":\"1:16\"},\"image\":{\"src\":\"https:\\\/\\\/www.ecatolico.com\\\/blog\\\/wp-includes\\\/images\\\/media\\\/audio.png\",\"width\":48,\"height\":64},\"thumb\":{\"src\":\"https:\\\/\\\/www.ecatolico.com\\\/blog\\\/wp-includes\\\/images\\\/media\\\/audio.png\",\"width\":48,\"height\":64}},{\"src\":\"https:\\\/\\\/www.ecatolico.com\\\/blog\\\/wp-content\\\/uploads\\\/2023\\\/11\\\/06-santo-consola-master.wav\",\"type\":\"audio\\\/wav\",\"title\":\"Santo\",\"caption\":\"\",\"description\":\"\\u00ab06-santo-consola-master\\u00bb.\",\"meta\":{\"album\":\"Misa domingo 12 nov 2023\",\"length_formatted\":\"1:44\"},\"image\":{\"src\":\"https:\\\/\\\/www.ecatolico.com\\\/blog\\\/wp-includes\\\/images\\\/media\\\/audio.png\",\"width\":48,\"height\":64},\"thumb\":{\"src\":\"https:\\\/\\\/www.ecatolico.com\\\/blog\\\/wp-includes\\\/images\\\/media\\\/audio.png\",\"width\":48,\"height\":64}},{\"src\":\"https:\\\/\\\/www.ecatolico.com\\\/blog\\\/wp-content\\\/uploads\\\/2023\\\/11\\\/07-cordero-consola-master.wav\",\"type\":\"audio\\\/wav\",\"title\":\"Cordero De Dios\",\"caption\":\"\",\"description\":\"\\u00ab07-cordero-consola-master\\u00bb.\",\"meta\":{\"album\":\"Misa domingo 12 nov 2023\",\"length_formatted\":\"1:04\"},\"image\":{\"src\":\"https:\\\/\\\/www.ecatolico.com\\\/blog\\\/wp-includes\\\/images\\\/media\\\/audio.png\",\"width\":48,\"height\":64},\"thumb\":{\"src\":\"https:\\\/\\\/www.ecatolico.com\\\/blog\\\/wp-includes\\\/images\\\/media\\\/audio.png\",\"width\":48,\"height\":64}},{\"src\":\"https:\\\/\\\/www.ecatolico.com\\\/blog\\\/wp-content\\\/uploads\\\/2023\\\/11\\\/08-estas-aqui-consola-master.wav\",\"type\":\"audio\\\/wav\",\"title\":\"Est\\u00e1s Aqu\\u00ed\",\"caption\":\"\",\"description\":\"\\u00ab08-estas-aqui-consola-master\\u00bb.\",\"meta\":{\"album\":\"Misa domingo 12 nov 2023\",\"length_formatted\":\"4:23\"},\"image\":{\"src\":\"https:\\\/\\\/www.ecatolico.com\\\/blog\\\/wp-includes\\\/images\\\/media\\\/audio.png\",\"width\":48,\"height\":64},\"thumb\":{\"src\":\"https:\\\/\\\/www.ecatolico.com\\\/blog\\\/wp-includes\\\/images\\\/media\\\/audio.png\",\"width\":48,\"height\":64}},{\"src\":\"https:\\\/\\\/www.ecatolico.com\\\/blog\\\/wp-content\\\/uploads\\\/2023\\\/11\\\/09-cancion-del-misionero-consola-master.wav\",\"type\":\"audio\\\/wav\",\"title\":\"Canci\\u00f3n del Misionero\",\"caption\":\"\",\"description\":\"\\u00ab09-cancion-del-misionero-consola-master\\u00bb.\",\"meta\":{\"album\":\"Misa domingo 12 nov 2023\",\"length_formatted\":\"3:42\"},\"image\":{\"src\":\"https:\\\/\\\/www.ecatolico.com\\\/blog\\\/wp-includes\\\/images\\\/media\\\/audio.png\",\"width\":48,\"height\":64},\"thumb\":{\"src\":\"https:\\\/\\\/www.ecatolico.com\\\/blog\\\/wp-includes\\\/images\\\/media\\\/audio.png\",\"width\":48,\"height\":64}}]}<\/script>\n<\/div>\n\t","protected":false},"excerpt":{"rendered":"<p>Les comparto los audios de los cantos de la misa de este domingo 12 de noviembre de 2023. Misa de 1:00 pm en la Parroquia del Esp\u00edritu Santo de Chihuahua, Chih., M\u00e9xico. Participamos Pepe Cruz, Jorge Morquecho, Alex Ju\u00e1rez y Jos\u00e9 Luis Contreras. Bendiciones. &nbsp;<\/p>\n","protected":false},"author":1,"featured_media":40,"comment_status":"open","ping_status":"open","sticky":false,"template":"","format":"gallery","meta":{"footnotes":""},"categories":[6],"tags":[11,9,10,8,12],"views":32,"_links":{"self":[{"href":"https:\/\/www.ecatolico.com\/blog\/wp-json\/wp\/v2\/posts\/146"}],"collection":[{"href":"https:\/\/www.ecatolico.com\/blog\/wp-json\/wp\/v2\/posts"}],"about":[{"href":"https:\/\/www.ecatolico.com\/blog\/wp-json\/wp\/v2\/types\/post"}],"author":[{"embeddable":true,"href":"https:\/\/www.ecatolico.com\/blog\/wp-json\/wp\/v2\/users\/1"}],"replies":[{"embeddable":true,"href":"https:\/\/www.ecatolico.com\/blog\/wp-json\/wp\/v2\/comments?post=146"}],"version-history":[{"count":1,"href":"https:\/\/www.ecatolico.com\/blog\/wp-json\/wp\/v2\/posts\/146\/revisions"}],"predecessor-version":[{"id":157,"href":"https:\/\/www.ecatolico.com\/blog\/wp-json\/wp\/v2\/posts\/146\/revisions\/157"}],"wp:featuredmedia":[{"embeddable":true,"href":"https:\/\/www.ecatolico.com\/blog\/wp-json\/wp\/v2\/media\/40"}],"wp:attachment":[{"href":"https:\/\/www.ecatolico.com\/blog\/wp-json\/wp\/v2\/media?parent=146"}],"wp:term":[{"taxonomy":"category","embeddable":true,"href":"https:\/\/www.ecatolico.com\/blog\/wp-json\/wp\/v2\/categories?post=146"},{"taxonomy":"post_tag","embeddable":true,"href":"https:\/\/www.ecatolico.com\/blog\/wp-json\/wp\/v2\/tags?post=146"}],"curies":[{"name":"wp","href":"https:\/\/api.w.org\/{rel}","templated":true}]}}